{"id":414,"date":"2019-12-07T10:12:04","date_gmt":"2019-12-07T10:12:04","guid":{"rendered":"http:\/\/www.test.mag-art.pl\/testowy\/?p=414"},"modified":"2019-12-07T11:48:46","modified_gmt":"2019-12-07T11:48:46","slug":"festiwal-sztuki-i-przedmiotow-artystycznych-w-poznaniu","status":"publish","type":"post","link":"https:\/\/mag-art.pl\/index.php\/2019\/12\/07\/festiwal-sztuki-i-przedmiotow-artystycznych-w-poznaniu\/","title":{"rendered":"Festiwal Sztuki i Przedmiot\u00f3w Artystycznych w Poznaniu"},"content":{"rendered":"\n<p>W dniach 29.11 &#8211; 01.12.2019 odby\u0142y si\u0119 targi Sztuki i r\u0119kodzie\u0142a w Poznaniu. Postanowili\u015bmy odwiedzi\u0107 to wydarzenie, podzieli\u0107 si\u0119 spostrze\u017ceniami i uwagami.<\/p>\n\n\n\n<p>Festiwal Sztuki odbywa\u0142 si\u0119 r\u00f3wnolegle z innym wydarzeniem rajem dla koniarzy mianowicie z  Cavaliad\u0105. MAG-ART postanowi\u0142 zobaczy\u0107 to wydarzenie. Na targach r\u0119kodzie\u0142a mogli\u015bmy znale\u017a\u0107 wyj\u0105tkowe i  niepowtarzalne przedmioty jakimi mo\u017cemy wype\u0142ni\u0107 nasze mieszkania, domy ale r\u00f3wnie\u017c i ekologiczne ubrania, oryginaln\u0105 bi\u017cuteri\u0119 i kosmetyki. Festiwal zajmowa\u0142 dwie hale, wi\u0119c od razu wiemy \u017ce wydarzenie nie by\u0142o du\u017ce, natomiast wej\u015bci\u00f3wka by\u0142a do\u015b\u0107 droga. Bilet pozwalaj\u0105cy na wej\u015bcie kosztowa\u0142 25 z\u0142 od osoby (du\u017cy plus dla rodzin z kart\u0105 du\u017cej rodziny zni\u017cka i wej\u015bcie kosztowa\u0142o 7 z\u0142).<\/p>\n\n\n\n<div class=\"wp-block-image\"><figure class=\"aligncenter size-large\"><img loading=\"lazy\" decoding=\"async\" width=\"371\" height=\"326\" src=\"http:\/\/www.test.mag-art.pl\/testowy\/wp-content\/uploads\/2019\/12\/festiwal.png\" alt=\"\" class=\"wp-image-415\" srcset=\"https:\/\/mag-art.pl\/wp-content\/uploads\/2019\/12\/festiwal.png 371w, https:\/\/mag-art.pl\/wp-content\/uploads\/2019\/12\/festiwal-300x264.png 300w\" sizes=\"auto, (max-width: 371px) 100vw, 371px\" \/><\/figure><\/div>\n\n\n\n<h2 class=\"wp-block-heading\">W ofercie wiele wyk\u0142ad\u00f3w, pokaz\u00f3w i warsztat\u00f3w.<\/h2>\n\n\n\n<p>Podczas odbywania festiwalu odby\u0142o si\u0119 wiele dodatkowych warsztat\u00f3w i kurs\u00f3w mi\u0119dzy innymi takich jak:<\/p>\n\n\n\n<ul class=\"wp-block-list\"><li><strong>Kurs szyde\u0142kowania <\/strong>&#8211; zar\u00f3wno dla dzieci jak i doros\u0142ych, podstawy szyde\u0142kowania prowadzi\u0142a Daniela Sobkowiak<\/li><li><strong>Podstawy tworzenia bi\u017cuterii dla doros\u0142ych oraz kartki \u015bwi\u0105teczne dla dzieci<\/strong> &#8211; tu oferowane proste techniki tworzenia bi\u017cuterii ze sk\u00f3ry i koralik\u00f3w, nauka \u0142\u0105czenia element\u00f3w bi\u017cuteryjnych &#8211; warsztaty prowadzi\u0142a Studio Agata Dobak<\/li><li><strong>\u015awi\u0105teczne ozdoby z makramy<\/strong>  &#8211;  proste ozdoby kt\u00f3re mog\u0105 wykona\u0107 nawet dzieci, mo\u017cna powiesi\u0107 na choince jak i podarowa\u0107 jako prezent &#8211; warsztaty prowadzone przez We\u0142n\u0119 i Flor\u0119<\/li><li><strong>Warsztaty robienia kul k\u0105pielowych dla dzieci i doros\u0142ych<\/strong> &#8211; podczas tych warsztat\u00f3w mo\u017cna by\u0142o stworzy\u0107 w\u0142asnor\u0119cznie stworzon\u0105 kule k\u0105pielow\u0105, kt\u00f3rej sami mogli\u015bmy nada\u0107 kolor i zapach &#8211; warsztaty prowadzone przez LAQ  dodatkowo p\u0142atne 20 z\u0142.<\/li><\/ul>\n\n\n\n<h2 class=\"wp-block-heading\">Wyj\u0105tkowe, kolorowe i niepowtarzalne<\/h2>\n\n\n\n<p>Jak ju\u017c wiadomo jestem fank\u0105 drewna i szk\u0142a i takich artyku\u0142\u00f3w g\u0142\u00f3wnie szuka\u0142am. Znalaz\u0142am cudownych tw\u00f3rc\u00f3w, kt\u00f3rych warto wspomnie\u0107 w tym wpisie. Pierwszym wystawc\u0105, kt\u00f3ry sta\u0142 przy samym wej\u015bciu i od razu mnie zaczarowa\u0142 swoim asortymentem by\u0142 <a href=\"http:\/\/woder.eu\/\">PPHU WODER S.C. <\/a> producent przedmiot\u00f3w wycinanych z drewna i sklejki. Pi\u0119kne figurki, skrzyneczki, topery, pude\u0142ka, lalki, w\u00f3zki, klocki i co tylko nam si\u0119 wymarzy z drewna. Polecam sama na pewno zam\u00f3wi\u0119 skrzyneczki na wino w bardzo dobrej jako\u015bci i cenie.<\/p>\n\n\n\n<div class=\"wp-block-image\"><figure class=\"aligncenter size-large\"><img decoding=\"async\" src=\"http:\/\/woder.eu\/wp-content\/uploads\/woder.eu-miedzynarodowe-targi-poznanskie-2019-stoisko.jpg\" alt=\"\"\/><\/figure><\/div>\n\n\n\n<p>Kolejnym wystawc\u0105 godnym uwagi jest <strong><a href=\"https:\/\/www.facebook.com\/rafdrewdekor\/\">RAF-DREW DEKOR<\/a><\/strong>, producent wyrob\u00f3w z MDF i drewna. Przedmioty w oryginalnym kszta\u0142cie idealnie nadaj\u0105ce si\u0119 do zdobienia w technice decoupage lub malowania farbami. Przedmioty wyj\u0105tkowe, producent u\u015bmiechni\u0119ty i pogodny. Polecam, my\u015bl\u0119 w nied\u0142ugim czasie rozpoczniemy wsp\u00f3\u0142prac\u0119 :).<\/p>\n\n\n\n<div class=\"wp-block-image\"><figure class=\"aligncenter size-large\"><img loading=\"lazy\" decoding=\"async\" width=\"487\" height=\"780\" src=\"http:\/\/www.test.mag-art.pl\/testowy\/wp-content\/uploads\/2019\/12\/raf-drew1.jpg\" alt=\"\" class=\"wp-image-420\" srcset=\"https:\/\/mag-art.pl\/wp-content\/uploads\/2019\/12\/raf-drew1.jpg 487w, https:\/\/mag-art.pl\/wp-content\/uploads\/2019\/12\/raf-drew1-187x300.jpg 187w\" sizes=\"auto, (max-width: 487px) 100vw, 487px\" \/><\/figure><\/div>\n\n\n\n<p>Id\u0105c dalej po targach w Poznaniu spotka\u0142am si\u0119 z<a href=\"https:\/\/www.czasoprzestrzen.pl\/sklep\/\"> <strong>Czasoprzestrzeni\u0105<\/strong><\/a> posiadaj\u0105c\u0105 w swoim asortymencie magiczne lampy tworzone na belkach ze starych stod\u00f3\u0142. Wyobra\u017cacie sobie \ud83d\ude42 ka\u017cda lampa jest jedyna i wyj\u0105tkowa, nie ma dw\u00f3ch takich samych zakl\u0119ta w czasie cz\u0105stka historii i magii w drewnianej belce &#8230;. prawdziwa czasoprzestrze\u0144 i czar w bi\u017cuterii jak\u0105 tworz\u0105 z \u017cywicy epoksydowej. Magiczne kolczyki i cudowne wisiorki, dmuchawce w pe\u0142nej swojej krasie zatopione w \u017cywicy, wygl\u0105daj\u0105 jak gdyby czas si\u0119 zatrzyma\u0142 &#8230; Prawdziwa magia&#8230; Z ca\u0142ego serducha polecam te niesamowite i niepowtarzalne artyku\u0142y.<\/p>\n\n\n\n<div class=\"wp-block-image\"><figure class=\"aligncenter size-large\"><img loading=\"lazy\" decoding=\"async\" width=\"596\" height=\"794\" src=\"http:\/\/www.test.mag-art.pl\/testowy\/wp-content\/uploads\/2019\/12\/lampy.jpg\" alt=\"\" class=\"wp-image-421\" srcset=\"https:\/\/mag-art.pl\/wp-content\/uploads\/2019\/12\/lampy.jpg 596w, https:\/\/mag-art.pl\/wp-content\/uploads\/2019\/12\/lampy-225x300.jpg 225w\" sizes=\"auto, (max-width: 596px) 100vw, 596px\" \/><\/figure><\/div>\n\n\n\n<figure class=\"wp-block-image size-large\"><img decoding=\"async\" src=\"https:\/\/www.czasoprzestrzen.pl\/sklep\/113-large_default\/dmuchawce-kula.jpg\" alt=\"\"\/><\/figure>\n\n\n\n<p>Znalaz\u0142am r\u00f3wnie\u017c pi\u0119kne deski do serwowania i nie tylko. Producent desek Yacowood  przyjecha\u0142 z Malborka i zaprezentowa\u0142 swoje wyroby w pe\u0142nej krasie. Pi\u0119kne deski z r\u00f3\u017cnych gatunk\u00f3w drewna takich jak orzech w\u0142oski, buk, d\u0105b, drzewo oliwne, jaworowe. Ka\u017cda inna i niepowtarzalna zabezpieczone olejem cudowna drewniana kraina. Patrz\u0105c na nie ja ju\u017c widzia\u0142am wypalone na nich wzory (wiem to ju\u017c chyba choroba piromania :))<\/p>\n\n\n\n<div class=\"wp-block-image\"><figure class=\"aligncenter size-large\"><img loading=\"lazy\" decoding=\"async\" width=\"596\" height=\"794\" src=\"http:\/\/www.test.mag-art.pl\/testowy\/wp-content\/uploads\/2019\/12\/yacowood.jpg\" alt=\"\" class=\"wp-image-423\" srcset=\"https:\/\/mag-art.pl\/wp-content\/uploads\/2019\/12\/yacowood.jpg 596w, https:\/\/mag-art.pl\/wp-content\/uploads\/2019\/12\/yacowood-225x300.jpg 225w\" sizes=\"auto, (max-width: 596px) 100vw, 596px\" \/><\/figure><\/div>\n\n\n\n<h2 class=\"wp-block-heading\">Podsumowanie<\/h2>\n\n\n\n<p>Festiwal jest \u015bwietnym pomys\u0142em na znalezienie niezapomnianych i niebanalnych prezent\u00f3w. Producenci mogli pokaza\u0107 si\u0119 szerszej publiczno\u015bci w zaprezentowaniu swojego asortymentu. Ka\u017cdy m\u00f3g\u0142 znale\u017a\u0107 co\u015b dla siebie od s\u0142odko\u015bci w postaci wypiek\u00f3w, ciast, ciasteczek i pierniczk\u00f3w. Przez kosmetyki kt\u00f3re mo\u017cna by\u0142o zam\u00f3wi\u0107, kupi\u0107 a nawet samemu stworzy\u0107 (kule k\u0105pielow\u0105 o w\u0142asnor\u0119cznie wybranym zapachu). Ceramika boles\u0142awiecka r\u00f3wnie\u017c cieszy\u0142a si\u0119 du\u017cym zainteresowaniem. Szeroki asortyment bi\u017cuteryjny taki jak &#8211; bi\u017cuteria makramowa, szyde\u0142kowa, z \u017cywicy, z ceramiki, z drewna a tak\u017ce standardowa ze szlachetnych metali i kamieni. Ubrania z ekologicznych materia\u0142\u00f3w, chusty szale i czapki. Drewniane ozdoby zar\u00f3wno z surowego drewna do w\u0142asnor\u0119cznego zdobienia lub ju\u017c ozdobione  w technice decoupage, malowane farbami lub rze\u017abione figury. W tym roku zabrak\u0142o nas i drewnianych przedmiot\u00f3w malowanych ogniem \ud83d\ude42 ale postaram si\u0119 to ju\u017c nied\u0142ugo zmieni\u0107 i w nied\u0142ugim czasie pojawi\u0107 si\u0119 na jaki\u015b targach lub kiermaszach. Reasumuj\u0105c uwa\u017cam, \u017ce je\u015bli kto\u015b lubi zaskakiwa\u0107 swoich najbli\u017cszych wyj\u0105tkowymi podarunkami nie tylko na \u015bwi\u0119ta na Festiwalu Sztuki na pewno m\u00f3g\u0142 znale\u017a\u0107 nie tylko okre\u015blony przedmiot ale r\u00f3wnie\u017c kontakt do producent\u00f3w. Fakt jest r\u00f3wnie\u017c taki, \u017ce cena wst\u0119pu troch\u0119 odstraszy\u0142a cz\u0119\u015b\u0107 odwiedzaj\u0105cych poniewa\u017c dwie hale nie by\u0142y wype\u0142nione po brzegi wystawcami. <\/p>\n","protected":false},"excerpt":{"rendered":"<p>W dniach 29.11 &#8211; 01.12.2019 odby\u0142y si\u0119 targi Sztuki i r\u0119kodzie\u0142a w Poznaniu. Postanowili\u015bmy odwiedzi\u0107 to wydarzenie, podzieli\u0107 si\u0119 spostrze\u017ceniami i uwagami. Festiwal Sztuki odbywa\u0142 si\u0119 r\u00f3wnolegle z innym wydarzeniem rajem dla koniarzy mianowicie z Cavaliad\u0105. MAG-ART postanowi\u0142 zobaczy\u0107 to wydarzenie. Na targach r\u0119kodzie\u0142a mogli\u015bmy znale\u017a\u0107 wyj\u0105tkowe i niepowtarzalne przedmioty&#8230; <a class=\"continue-reading-link\" href=\"https:\/\/mag-art.pl\/index.php\/2019\/12\/07\/festiwal-sztuki-i-przedmiotow-artystycznych-w-poznaniu\/\">Czytaj Dalej <span class=\"meta-nav\">&rarr; <\/span><\/a><\/p>\n","protected":false},"author":2,"featured_media":415,"comment_status":"open","ping_status":"open","sticky":false,"template":"","format":"standard","meta":{"footnotes":""},"categories":[56],"tags":[64,14,57,8,63,60,58,37,9,62,59,61],"class_list":["post-414","post","type-post","status-publish","format-standard","has-post-thumbnail","hentry","category-targi-jarmarki-i-kiermasze","tag-czasoprzestrzen","tag-drewno","tag-festiwal-sztuki","tag-handmade","tag-mdf","tag-mikolajki","tag-poznan","tag-prezenty","tag-rekodzielo","tag-sztura","tag-targi-poznanskie","tag-wyatwa"],"_links":{"self":[{"href":"https:\/\/mag-art.pl\/index.php\/wp-json\/wp\/v2\/posts\/414","targetHints":{"allow":["GET"]}}],"collection":[{"href":"https:\/\/mag-art.pl\/index.php\/wp-json\/wp\/v2\/posts"}],"about":[{"href":"https:\/\/mag-art.pl\/index.php\/wp-json\/wp\/v2\/types\/post"}],"author":[{"embeddable":true,"href":"https:\/\/mag-art.pl\/index.php\/wp-json\/wp\/v2\/users\/2"}],"replies":[{"embeddable":true,"href":"https:\/\/mag-art.pl\/index.php\/wp-json\/wp\/v2\/comments?post=414"}],"version-history":[{"count":10,"href":"https:\/\/mag-art.pl\/index.php\/wp-json\/wp\/v2\/posts\/414\/revisions"}],"predecessor-version":[{"id":430,"href":"https:\/\/mag-art.pl\/index.php\/wp-json\/wp\/v2\/posts\/414\/revisions\/430"}],"wp:featuredmedia":[{"embeddable":true,"href":"https:\/\/mag-art.pl\/index.php\/wp-json\/wp\/v2\/media\/415"}],"wp:attachment":[{"href":"https:\/\/mag-art.pl\/index.php\/wp-json\/wp\/v2\/media?parent=414"}],"wp:term":[{"taxonomy":"category","embeddable":true,"href":"https:\/\/mag-art.pl\/index.php\/wp-json\/wp\/v2\/categories?post=414"},{"taxonomy":"post_tag","embeddable":true,"href":"https:\/\/mag-art.pl\/index.php\/wp-json\/wp\/v2\/tags?post=414"}],"curies":[{"name":"wp","href":"https:\/\/api.w.org\/{rel}","templated":true}]}}