{"id":248,"date":"2019-10-29T09:32:25","date_gmt":"2019-10-29T09:32:25","guid":{"rendered":"http:\/\/www.test.mag-art.pl\/testowy\/?p=248"},"modified":"2019-10-31T12:49:56","modified_gmt":"2019-10-31T12:49:56","slug":"pierwsze-kiermasze","status":"publish","type":"post","link":"https:\/\/mag-art.pl\/index.php\/2019\/10\/29\/pierwsze-kiermasze\/","title":{"rendered":"Pierwsze kiermasze"},"content":{"rendered":"\n<p>To by\u0142 wspania\u0142y czas kiedy na mojej drodze spotka\u0142am cudownych ludzi, kt\u00f3rzy mieli pomys\u0142 na stworzenie Galerii R\u0119kodzie\u0142a GABELEK , kt\u00f3ra pocz\u0105tkowo istnia\u0142a tylko jako galeria internetowa, a w p\u00f3\u017aniejszym czasie powsta\u0142a r\u00f3wnie\u017c i stacjonarnie. <\/p>\n\n\n\n<p>W\u0142a\u015bcicielami i pomys\u0142odawcami by\u0142a \u00f3wczesna para Justyna Nawrot i Robert Dudek a tworzyli j\u0105 naprawd\u0119 wraz z nimi arty\u015bci, hobby\u015bci i pasjonaci prawdziwego r\u0119kodzie\u0142a. <\/p>\n\n\n\n<figure class=\"wp-block-image\"><img loading=\"lazy\" decoding=\"async\" width=\"800\" height=\"536\" src=\"http:\/\/www.test.mag-art.pl\/testowy\/wp-content\/uploads\/2019\/10\/Gabelek.jpg\" alt=\"\" class=\"wp-image-252\" srcset=\"https:\/\/mag-art.pl\/wp-content\/uploads\/2019\/10\/Gabelek.jpg 800w, https:\/\/mag-art.pl\/wp-content\/uploads\/2019\/10\/Gabelek-300x201.jpg 300w, https:\/\/mag-art.pl\/wp-content\/uploads\/2019\/10\/Gabelek-768x515.jpg 768w\" sizes=\"auto, (max-width: 800px) 100vw, 800px\" \/><figcaption>\u017ar\u00f3d\u0142o: archiwum Bolec.info<\/figcaption><\/figure>\n\n\n\n<p>Jak wida\u0107 na zdj\u0119ciu otwarcia stacjonarnego Gabelka tworzyli go &#8222;zwyczajni ale niezwyczajni&#8221; czyli ludzie z pasj\u0105. Warto tu podkre\u015bli\u0107, \u017ce wsp\u00f3lne spotkania integracyjne w stacjonarnym punkcie wspominam bardzo ciep\u0142o. Kontakt z rze\u017abiarzem Mirkiem Czeladk\u0105 (specjalista od rze\u017aby a w szczeg\u00f3lno\u015bci <a href=\"https:\/\/www.facebook.com\/Nochale\/\">NOCHALI)<\/a> Jol\u0105 Dusz\u0105 (malowanie kaw\u0105) Krysi\u0105 Wielgosik (<a href=\"https:\/\/folkmelanii.com.pl\/\">Folk Melani<\/a> &#8211; [folkowe i nie tylko] cudowne &#8222;uszytki&#8221; i decoupage) Beata Karolina Mertuszka (cuda na szyde\u0142ku) oraz w\u0142a\u015bcicielka Justyn\u0105 Nawrot (bi\u017cuteria i scrapbooking) z nimi utrzymuj\u0119 kontakt do dzisiejszego dnia. Jest na pewno jeszcze kilku innych o kt\u00f3rych w tej chwili zapomnia\u0142am (i dlatego z miejsca przepraszam).<\/p>\n\n\n\n<figure class=\"wp-block-image\"><img loading=\"lazy\" decoding=\"async\" width=\"800\" height=\"536\" src=\"http:\/\/www.test.mag-art.pl\/testowy\/wp-content\/uploads\/2019\/10\/gabelek1.jpg\" alt=\"\" class=\"wp-image-258\" srcset=\"https:\/\/mag-art.pl\/wp-content\/uploads\/2019\/10\/gabelek1.jpg 800w, https:\/\/mag-art.pl\/wp-content\/uploads\/2019\/10\/gabelek1-300x201.jpg 300w, https:\/\/mag-art.pl\/wp-content\/uploads\/2019\/10\/gabelek1-768x515.jpg 768w\" sizes=\"auto, (max-width: 800px) 100vw, 800px\" \/><figcaption>\u0179r\u00f3d\u0142o: archiwum Bolec.info <br>P\u00f3\u0142ka z artyku\u0142ami Galerii GABELEK i moje prace mi\u0119dzy cudownymi pracami innych artyst\u00f3w.<\/figcaption><\/figure>\n\n\n\n<h2 class=\"wp-block-heading\">Pierwsze wsp\u00f3lne JARMARKI<\/h2>\n\n\n\n<p>Mile wspominam moje pierwsze nie\u015bmia\u0142e kontakty z klientami. <strong>I Opa\u0142kowy Jarmark Naturalny<\/strong> to by\u0142 2012 r. na terenie wy\u015bmienitej restauracji Opa\u0142kowa Chata w Boles\u0142awcu. Do dzisiaj jest to miejsce wyj\u0105tkowe i klimatyczne z pysznym jedzeniem. To w\u0142a\u015bnie na tym jarmarku mog\u0142am po raz pierwszy pokaza\u0107 ludziom moje prace.<\/p>\n\n\n\n<div class=\"wp-block-image\"><figure class=\"aligncenter\"><img loading=\"lazy\" decoding=\"async\" width=\"600\" height=\"600\" src=\"http:\/\/www.test.mag-art.pl\/testowy\/wp-content\/uploads\/2019\/10\/pierwsze-wypalanki2.jpg\" alt=\"\" class=\"wp-image-262\" srcset=\"https:\/\/mag-art.pl\/wp-content\/uploads\/2019\/10\/pierwsze-wypalanki2.jpg 600w, https:\/\/mag-art.pl\/wp-content\/uploads\/2019\/10\/pierwsze-wypalanki2-150x150.jpg 150w, https:\/\/mag-art.pl\/wp-content\/uploads\/2019\/10\/pierwsze-wypalanki2-300x300.jpg 300w\" sizes=\"auto, (max-width: 600px) 100vw, 600px\" \/><\/figure><\/div>\n\n\n\n<p> To dzi\u0119ki ich reakcjom nie zrezygnowa\u0142am (cho\u0107 patrz\u0105c dzisiaj na nie widz\u0119 jak bardzo by\u0142y niedopracowane i s\u0142abe). Szczeg\u00f3lnie wypalane prace wydaj\u0105 mi si\u0119 bardzo s\u0142abe lecz s\u0142owa zar\u00f3wno innych r\u0119kodzielnik\u00f3w jak i wspieraj\u0105ce s\u0142owa w\u0142a\u015bcicieli galerii a najbardziej pochlebne s\u0142owa klient\u00f3w doda\u0142y anielskich skrzyde\u0142. <\/p>\n\n\n\n<h2 class=\"wp-block-heading\">Jarmarki na wyje\u017adzie<\/h2>\n\n\n\n<p>Gabelek nie pr\u00f3\u017cnowa\u0142 i pr\u00f3bowa\u0142 swoich si\u0142 na wyjazdach w okolicznych miejscowo\u015bciach. Pami\u0119tam jarmark wielkanocny w Lubaniu, jaki\u015b w Galerii Piast\u00f3w w Legnicy, na zamku Grodziec i Bo\u017conarodzeniowy w Chojnowie, na \u015bwi\u0119cie Ceramiki w Boles\u0142awcu i w wielu innych miejscach.<\/p>\n\n\n\n<ul class=\"wp-block-gallery columns-3 is-cropped wp-block-gallery-1 is-layout-flex wp-block-gallery-is-layout-flex\"><li class=\"blocks-gallery-item\"><figure><img loading=\"lazy\" decoding=\"async\" width=\"660\" height=\"440\" src=\"http:\/\/www.test.mag-art.pl\/testowy\/wp-content\/uploads\/2019\/10\/547288_420436244644202_1624444402_n.jpg\" alt=\"\" data-id=\"260\" data-link=\"http:\/\/www.test.mag-art.pl\/testowy\/index.php\/2019\/10\/26\/pierwsze-kiermasze\/547288_420436244644202_1624444402_n\/\" class=\"wp-image-260\" srcset=\"https:\/\/mag-art.pl\/wp-content\/uploads\/2019\/10\/547288_420436244644202_1624444402_n.jpg 660w, https:\/\/mag-art.pl\/wp-content\/uploads\/2019\/10\/547288_420436244644202_1624444402_n-300x200.jpg 300w\" sizes=\"auto, (max-width: 660px) 100vw, 660px\" \/><figcaption>Jarmark w legnickiej Galerii Piast\u00f3w<\/figcaption><\/figure><\/li><li class=\"blocks-gallery-item\"><figure><img loading=\"lazy\" decoding=\"async\" width=\"800\" height=\"628\" src=\"http:\/\/www.test.mag-art.pl\/testowy\/wp-content\/uploads\/2019\/10\/chojn\u00f3w.jpg\" alt=\"\" data-id=\"263\" data-link=\"http:\/\/www.test.mag-art.pl\/testowy\/index.php\/2019\/10\/26\/pierwsze-kiermasze\/chojnow\/\" class=\"wp-image-263\" srcset=\"https:\/\/mag-art.pl\/wp-content\/uploads\/2019\/10\/chojn\u00f3w.jpg 800w, https:\/\/mag-art.pl\/wp-content\/uploads\/2019\/10\/chojn\u00f3w-300x236.jpg 300w, https:\/\/mag-art.pl\/wp-content\/uploads\/2019\/10\/chojn\u00f3w-768x603.jpg 768w\" sizes=\"auto, (max-width: 800px) 100vw, 800px\" \/><figcaption>Jarmark Bo\u017conarodzeniowy w Chojnowie<\/figcaption><\/figure><\/li><li class=\"blocks-gallery-item\"><figure><img loading=\"lazy\" decoding=\"async\" width=\"715\" height=\"600\" src=\"http:\/\/www.test.mag-art.pl\/testowy\/wp-content\/uploads\/2019\/10\/Gabelek7.jpg\" alt=\"\" data-id=\"264\" data-link=\"http:\/\/www.test.mag-art.pl\/testowy\/index.php\/2019\/10\/26\/pierwsze-kiermasze\/gabelek7\/\" class=\"wp-image-264\" srcset=\"https:\/\/mag-art.pl\/wp-content\/uploads\/2019\/10\/Gabelek7.jpg 715w, https:\/\/mag-art.pl\/wp-content\/uploads\/2019\/10\/Gabelek7-300x252.jpg 300w\" sizes=\"auto, (max-width: 715px) 100vw, 715px\" \/><figcaption>Jarmark w Legnicy<\/figcaption><\/figure><\/li><li class=\"blocks-gallery-item\"><figure><img loading=\"lazy\" decoding=\"async\" width=\"800\" height=\"462\" src=\"http:\/\/www.test.mag-art.pl\/testowy\/wp-content\/uploads\/2019\/10\/Gabelek5.jpg\" alt=\"\" data-id=\"265\" data-link=\"http:\/\/www.test.mag-art.pl\/testowy\/index.php\/2019\/10\/26\/pierwsze-kiermasze\/gabelek5\/\" class=\"wp-image-265\" srcset=\"https:\/\/mag-art.pl\/wp-content\/uploads\/2019\/10\/Gabelek5.jpg 800w, https:\/\/mag-art.pl\/wp-content\/uploads\/2019\/10\/Gabelek5-300x173.jpg 300w, https:\/\/mag-art.pl\/wp-content\/uploads\/2019\/10\/Gabelek5-768x444.jpg 768w\" sizes=\"auto, (max-width: 800px) 100vw, 800px\" \/><figcaption>\u015awi\u0119to miodu na Zamku Grodziec<\/figcaption><\/figure><\/li><li class=\"blocks-gallery-item\"><figure><img loading=\"lazy\" decoding=\"async\" width=\"800\" height=\"536\" src=\"http:\/\/www.test.mag-art.pl\/testowy\/wp-content\/uploads\/2019\/10\/Gabelek6.jpg\" alt=\"\" data-id=\"266\" data-link=\"http:\/\/www.test.mag-art.pl\/testowy\/index.php\/2019\/10\/26\/pierwsze-kiermasze\/gabelek6\/\" class=\"wp-image-266\" srcset=\"https:\/\/mag-art.pl\/wp-content\/uploads\/2019\/10\/Gabelek6.jpg 800w, https:\/\/mag-art.pl\/wp-content\/uploads\/2019\/10\/Gabelek6-300x201.jpg 300w, https:\/\/mag-art.pl\/wp-content\/uploads\/2019\/10\/Gabelek6-768x515.jpg 768w\" sizes=\"auto, (max-width: 800px) 100vw, 800px\" \/><figcaption>Jarmark w Legnicy<\/figcaption><\/figure><\/li><li class=\"blocks-gallery-item\"><figure><img loading=\"lazy\" decoding=\"async\" width=\"536\" height=\"800\" src=\"http:\/\/www.test.mag-art.pl\/testowy\/wp-content\/uploads\/2019\/10\/Legnica.jpg\" alt=\"\" data-id=\"267\" data-link=\"http:\/\/www.test.mag-art.pl\/testowy\/index.php\/2019\/10\/26\/pierwsze-kiermasze\/legnica\/\" class=\"wp-image-267\" srcset=\"https:\/\/mag-art.pl\/wp-content\/uploads\/2019\/10\/Legnica.jpg 536w, https:\/\/mag-art.pl\/wp-content\/uploads\/2019\/10\/Legnica-201x300.jpg 201w\" sizes=\"auto, (max-width: 536px) 100vw, 536px\" \/><figcaption>Jarmark w Legnicy<\/figcaption><\/figure><\/li><\/ul>\n\n\n\n<h2 class=\"wp-block-heading\">Wsp\u00f3\u0142praca procentuje<\/h2>\n\n\n\n<p>Wiele si\u0119 nauczy\u0142am podpatruj\u0105c innych r\u0119kodzielnik\u00f3w. Byli te\u017c i tacy ,kt\u00f3rzy zajmowali si\u0119 decoupagem widzia\u0142am r\u00f3wnie\u017c, \u017ce owszem rozwijam si\u0119 ale praca z t\u0105 technik\u0105 nie przynosi mi tyle frajdy co wypalanie w drewnie. Powoli z biegiem czasu zacz\u0119\u0142am rezygnowa\u0107 z decoupagu. Wsp\u00f3lne wyjazdy spowodowa\u0142y zbli\u017cenie si\u0119 do innych cz\u0142onk\u00f3w galerii. By\u0142y \u017carty, zabawa i prawdziwy handel.<\/p>\n\n\n\n<div class=\"wp-block-image\"><figure class=\"aligncenter\"><img loading=\"lazy\" decoding=\"async\" width=\"600\" height=\"742\" src=\"http:\/\/www.test.mag-art.pl\/testowy\/wp-content\/uploads\/2019\/10\/Grodziec.jpg\" alt=\"\" class=\"wp-image-271\" srcset=\"https:\/\/mag-art.pl\/wp-content\/uploads\/2019\/10\/Grodziec.jpg 600w, https:\/\/mag-art.pl\/wp-content\/uploads\/2019\/10\/Grodziec-243x300.jpg 243w\" sizes=\"auto, (max-width: 600px) 100vw, 600px\" \/><figcaption>Jeden z jarmark\u00f3w na Zamku Grodziec i pyszny \u017curek w chlebie.  Mistrz II planu oczywi\u015bcie znakomity rze\u017abiarz Miros\u0142aw Czeladka, r\u00f3wnie zwariowany jak ja.<\/figcaption><\/figure><\/div>\n\n\n\n<p>\u015awietnie si\u0119 bawi\u0142am na ka\u017cdym wyje\u017adzie lecz nie zawsze by\u0142am zadowolona z efekt\u00f3w sprzeda\u017cy. Czasem trzeba by\u0142o wyda\u0107 wi\u0119cej na paliwo ni\u017c zarobili\u015bmy \ud83d\ude41 ale zdobyli\u015bmy potencjalnych przysz\u0142ych klient\u00f3w. Jestem przez to na pewno bogatsza w do\u015bwiadczenie i wspania\u0142e wspomnienia. Nasza Galeria R\u0119kodzie\u0142a by\u0142a prawdziwym skarbem. Mo\u017cna by\u0142o tam zam\u00f3wi\u0107 lub kupi\u0107 gotowe wyroby: od drobnych kolczyk\u00f3w czy element\u00f3w bi\u017cuteryjnych przez myde\u0142ka, kartki, dzierganki (przer\u00f3\u017cne dzie\u0142a tworzone na szyde\u0142ku ale r\u00f3wnie\u017c odzie\u017c szyt\u0105 lub r\u0119cznie malowan\u0105) obrazy, rze\u017aby i wiele, wiele innych&#8230; to miejsce t\u0119tni\u0142o \u017cyciem i chyba tylko Ci kt\u00f3rzy tam nale\u017celi lub pracowali zrozumiej\u0105 co mam na my\u015bli. Brakuje takich cudownych miejsc to jedna strona medalu, ale brakuje r\u00f3wnie zrozumienia przez kupuj\u0105cych dlaczego ceny tych rzeczy s\u0105 takie a nie inne.<\/p>\n\n\n\n<figure class=\"wp-block-image\"><img loading=\"lazy\" decoding=\"async\" width=\"800\" height=\"536\" src=\"http:\/\/www.test.mag-art.pl\/testowy\/wp-content\/uploads\/2019\/10\/Gabelek3.jpg\" alt=\"\" class=\"wp-image-273\" srcset=\"https:\/\/mag-art.pl\/wp-content\/uploads\/2019\/10\/Gabelek3.jpg 800w, https:\/\/mag-art.pl\/wp-content\/uploads\/2019\/10\/Gabelek3-300x201.jpg 300w, https:\/\/mag-art.pl\/wp-content\/uploads\/2019\/10\/Gabelek3-768x515.jpg 768w\" sizes=\"auto, (max-width: 800px) 100vw, 800px\" \/><figcaption>Galeria Gabelek w najlepszym okresie dzia\u0142alno\u015bci bardzo oryginalne i wspania\u0142e miejsce.<\/figcaption><\/figure>\n\n\n\n<h2 class=\"wp-block-heading\"><\/h2>\n\n\n\n<p>Okres wsp\u00f3\u0142pracy z Gabelkiem, kt\u00f3ry z czasem zmieni\u0142 miejsce galerii stacjonarnej z piwnicznej kanciapki na pi\u0119kn\u0105, s\u0142oneczn\u0105 z wielkimi witrynami siedzib\u0119 sta\u0142 si\u0119 (na prawd\u0119 nie przesadzam) pere\u0142k\u0105 w naszym mie\u015bcie. To by\u0142o wyj\u0105tkowo kolorowe miejsce, kt\u00f3re przy ko\u0144cu swej dzia\u0142alno\u015bci (nie wiem czy mam racj\u0119), ale wydaje mi si\u0119, \u017ce mia\u0142o pod swoimi skrzyd\u0142ami ponad setk\u0119 tw\u00f3rc\u00f3w. Ju\u017c wtedy mniej je\u017adzi\u0142am z w\u0142a\u015bcicielami cudownym i wyj\u0105tkowym Gabelkowozem stworzonym specjalnie na t\u0119 okazj\u0119. Co okoliczny festyn lub jarmark z r\u0119kodzie\u0142em Gabelkow\u00f3z by\u0142 obecny. <\/p>\n\n\n\n<p>Zacz\u0119\u0142o mi brakowa\u0107 czasu, kt\u00f3ry dzieli\u0142am mi\u0119dzy dzieci, prac\u0119 zawodow\u0105 a na tworzenie zosta\u0142o bardzo ma\u0142o czasu. \u017bycie okaza\u0142o si\u0119 \u017cyciem i cudowne miejsce powoli zacz\u0119\u0142o umiera\u0107 z r\u00f3\u017cnych powod\u00f3w &#8230; a\u017c nadszed\u0142 ten wrze\u015bniowy smutny dzie\u0144 kiedy za\u0142o\u017cyciel galerii Robert Dudek odszed\u0142 od nas na zawsze, a galeria Gabelek umar\u0142a wraz z nim.<\/p>\n","protected":false},"excerpt":{"rendered":"<p>To by\u0142 wspania\u0142y czas kiedy na mojej drodze spotka\u0142am cudownych ludzi, kt\u00f3rzy mieli pomys\u0142 na stworzenie Galerii R\u0119kodzie\u0142a GABELEK , kt\u00f3ra pocz\u0105tkowo istnia\u0142a tylko jako galeria internetowa, a w p\u00f3\u017aniejszym czasie powsta\u0142a r\u00f3wnie\u017c i stacjonarnie. W\u0142a\u015bcicielami i pomys\u0142odawcami by\u0142a \u00f3wczesna para Justyna Nawrot i Robert Dudek a tworzyli j\u0105 naprawd\u0119&#8230; <a class=\"continue-reading-link\" href=\"https:\/\/mag-art.pl\/index.php\/2019\/10\/29\/pierwsze-kiermasze\/\">Czytaj Dalej <span class=\"meta-nav\">&rarr; <\/span><\/a><\/p>\n","protected":false},"author":2,"featured_media":260,"comment_status":"open","ping_status":"open","sticky":false,"template":"","format":"standard","meta":{"footnotes":""},"categories":[26],"tags":[15,23,24,18,8,22,25,11,10,9],"class_list":["post-248","post","type-post","status-publish","format-standard","has-post-thumbnail","hentry","category-troszke-o-mnie","tag-decoupage","tag-festyn","tag-gabelek","tag-galeria-rekodziela","tag-handmade","tag-jarmark","tag-kiermasz","tag-pasja","tag-pirografia","tag-rekodzielo"],"_links":{"self":[{"href":"https:\/\/mag-art.pl\/index.php\/wp-json\/wp\/v2\/posts\/248","targetHints":{"allow":["GET"]}}],"collection":[{"href":"https:\/\/mag-art.pl\/index.php\/wp-json\/wp\/v2\/posts"}],"about":[{"href":"https:\/\/mag-art.pl\/index.php\/wp-json\/wp\/v2\/types\/post"}],"author":[{"embeddable":true,"href":"https:\/\/mag-art.pl\/index.php\/wp-json\/wp\/v2\/users\/2"}],"replies":[{"embeddable":true,"href":"https:\/\/mag-art.pl\/index.php\/wp-json\/wp\/v2\/comments?post=248"}],"version-history":[{"count":16,"href":"https:\/\/mag-art.pl\/index.php\/wp-json\/wp\/v2\/posts\/248\/revisions"}],"predecessor-version":[{"id":299,"href":"https:\/\/mag-art.pl\/index.php\/wp-json\/wp\/v2\/posts\/248\/revisions\/299"}],"wp:featuredmedia":[{"embeddable":true,"href":"https:\/\/mag-art.pl\/index.php\/wp-json\/wp\/v2\/media\/260"}],"wp:attachment":[{"href":"https:\/\/mag-art.pl\/index.php\/wp-json\/wp\/v2\/media?parent=248"}],"wp:term":[{"taxonomy":"category","embeddable":true,"href":"https:\/\/mag-art.pl\/index.php\/wp-json\/wp\/v2\/categories?post=248"},{"taxonomy":"post_tag","embeddable":true,"href":"https:\/\/mag-art.pl\/index.php\/wp-json\/wp\/v2\/tags?post=248"}],"curies":[{"name":"wp","href":"https:\/\/api.w.org\/{rel}","templated":true}]}}