{"id":237,"date":"2019-10-26T17:08:52","date_gmt":"2019-10-26T17:08:52","guid":{"rendered":"http:\/\/www.test.mag-art.pl\/testowy\/?p=237"},"modified":"2019-10-31T12:50:00","modified_gmt":"2019-10-31T12:50:00","slug":"wpis-powitalny-czyli-poznajmy-sie","status":"publish","type":"post","link":"https:\/\/mag-art.pl\/index.php\/2019\/10\/26\/wpis-powitalny-czyli-poznajmy-sie\/","title":{"rendered":"Wpis powitalny czyli poznajmy si\u0119 :)"},"content":{"rendered":"\n<p>Cze\u015b\u0107 mam na imi\u0119 Magda i jestem zwariowan\u0105 mam\u0105 tr\u00f3jki dzieci i \u017con\u0105 od ponad nastu lat &#8230;. Bla, bla, bla nie to nie b\u0119dzie kolejny blog o domu, \u017cyciu i wychowywaniu dzieci. To co napisa\u0142am wcze\u015bniej wszystko si\u0119 zgadza, ale trzeba doda\u0107, \u017ce jestem tak\u017ce kobiet\u0105 z pasj\u0105 TAK i to w\u0142a\u015bnie o niej b\u0119dzie ten blog. Tutaj znajdziecie histori\u0119 tego jak to si\u0119 sta\u0142o, \u017ce zacz\u0119\u0142am wypala\u0107 w drewnie? I jakim &#8222;przypadkiem&#8221; r\u00f3wnie\u017c zacz\u0119\u0142am grawerowa\u0107 w szkle? Po kr\u00f3tkiej historii zapoznawczej b\u0119d\u0119 chcia\u0142a pokazywa\u0107 aktualnie tworzone projekty, relacje z targ\u00f3w, jarmark\u00f3w itp. a tak\u017ce nie zabraknie pewnych przemy\u015ble\u0144 o pirografii (i nie tylko) co mi jeszcze \u015blina na j\u0119zyk przyniesie i wiatr do my\u015bli przywieje.<\/p>\n\n\n\n<h2 class=\"wp-block-heading\">No to zaczynamy &#8230;<\/h2>\n\n\n\n<p>Dawno, dawno temu &#8230; \u017cartowa\u0142am. Nie tak dawno temu czyli jakie\u015b 10 lat temu cierpia\u0142am na uporczywy nadmiar czasu \ud83d\ude09 (poniewa\u017c straci\u0142am prac\u0119) siedzia\u0142am w internecie i szuka\u0142am w nim &#8222;szcz\u0119\u015bcia&#8221; dla zabicia czasu. I traf chcia\u0142, \u017ce owo szcz\u0119\u015bcie znalaz\u0142am. Trafi\u0142am na filmik instrukta\u017cowy w typie &#8222;DECOUPAGE krok po kroku&#8221; bardzo mnie to zaciekawi\u0142o i postanowi\u0142am spr\u00f3bowa\u0107.  Po kr\u00f3tkim instruktarzu mojej dobrej kole\u017canki (kt\u00f3ra r\u00f3wnie\u017c, zajmowa\u0142a si\u0119 tego rodzaju r\u0119kodzie\u0142em) postanowi\u0142am zacz\u0105\u0107 dzia\u0142a\u0107. Zaopatrzona w farby, kleje, r\u00f3\u017cnego rodzaju papiery ry\u017cowe, serwetki i inne potrzebne do tego celu narz\u0119dzia postanowi\u0142am dzia\u0142a\u0107 \ud83d\ude09 Jak pomy\u015bla\u0142am tak zrobi\u0142am&#8230;.<\/p>\n\n\n\n<h2 class=\"wp-block-heading\">Kr\u00f3tki epizod z DECOUPAGE<\/h2>\n\n\n\n<p>Pierwsze powstawa\u0142y butelki (bo tych przedmiot\u00f3w do test\u00f3w mia\u0142am najwi\u0119cej) i powiem nieskromnie by\u0142y \u0142adne. Ka\u017cda jedna butelka wychodzi\u0142a coraz bardziej dok\u0142adnie, coraz wi\u0119cej detali, coraz wi\u0119cej malowa\u0142am farbkami.  Postanowi\u0142am spr\u00f3bowa\u0107 zadzia\u0142a\u0107 na drewnie i tak powsta\u0142y pierwsze decoupagowe skrzyneczki, pude\u0142ka i herbatnice. <\/p>\n\n\n\n<div class=\"wp-block-image\"><figure class=\"aligncenter\"><img loading=\"lazy\" decoding=\"async\" width=\"230\" height=\"346\" src=\"http:\/\/www.test.mag-art.pl\/testowy\/wp-content\/uploads\/2019\/10\/karafka.jpg\" alt=\"\" class=\"wp-image-243\" srcset=\"https:\/\/mag-art.pl\/wp-content\/uploads\/2019\/10\/karafka.jpg 230w, https:\/\/mag-art.pl\/wp-content\/uploads\/2019\/10\/karafka-199x300.jpg 199w\" sizes=\"auto, (max-width: 230px) 100vw, 230px\" \/><\/figure><\/div>\n\n\n\n<h2 class=\"wp-block-heading\">Nagle dosta\u0142am ol\u015bnienia<\/h2>\n\n\n\n<p>Podczas pracy przy drewnianych upominkach przypomnia\u0142am sobie, \u017ce w domu moich rodzic\u00f3w le\u017cy dawno zapomniana &#8222;zabawka&#8221; z mojego dzieci\u0144stwa. Urz\u0105dzenie kt\u00f3rym pracowa\u0142am z pirografi\u0105 jeszcze do niedawna. Radzicki pirograf marki UZOR-1. Przypomnia\u0142y mi si\u0119 wspania\u0142e chwile z moim tat\u0105 i starszym bratem kiedy razem wypalali\u015bmy na sklejce \u015bmieszne wzorki. Ju\u017c wtedy pami\u0119tam, \u017ce bardzo lubi\u0142am zapach palonego drewna.<\/p>\n\n\n\n<div class=\"wp-block-image\"><figure class=\"aligncenter\"><img loading=\"lazy\" decoding=\"async\" width=\"861\" height=\"525\" src=\"http:\/\/www.test.mag-art.pl\/testowy\/wp-content\/uploads\/2019\/10\/uzor1.jpg\" alt=\"\" class=\"wp-image-241\" srcset=\"https:\/\/mag-art.pl\/wp-content\/uploads\/2019\/10\/uzor1.jpg 861w, https:\/\/mag-art.pl\/wp-content\/uploads\/2019\/10\/uzor1-300x183.jpg 300w, https:\/\/mag-art.pl\/wp-content\/uploads\/2019\/10\/uzor1-768x468.jpg 768w\" sizes=\"auto, (max-width: 861px) 100vw, 861px\" \/><figcaption>Prawdziwy skarb, kt\u00f3ry tyle lat le\u017ca\u0142 zapomniany w szafie moich rodzic\u00f3w.<\/figcaption><\/figure><\/div>\n\n\n\n<h2 class=\"wp-block-heading\">Pierwsze palenia po latach<\/h2>\n\n\n\n<p>Z dzieci\u0144stwa pami\u0119tam, \u017ce wypalanie w drewnie nie by\u0142o trudne. Wydawa\u0142o mi si\u0119, \u017ce wezm\u0119 to urz\u0105dzenie w d\u0142o\u0144 i  reszta sama p\u00f3jdzie&#8230;. Nic bardziej mylnego. Pierwsze prace rodzi\u0142y si\u0119 w prawdziwych b\u00f3lach. Chcia\u0142am, \u017ceby by\u0142y dobre&#8230; I na tamt\u0105 chwil\u0119 takie by\u0142y (ja by\u0142am z nich taka dumna). Teraz patrz\u0119 na nie z perspektywy czasu i \u0142api\u0119 si\u0119 za g\u0142ow\u0119. My\u015bl\u0105c: SERIO BY\u0141A\u015a Z  NICH DUMNA?<\/p>\n\n\n\n<div class=\"wp-block-image\"><figure class=\"aligncenter\"><img loading=\"lazy\" decoding=\"async\" width=\"692\" height=\"383\" src=\"http:\/\/www.test.mag-art.pl\/testowy\/wp-content\/uploads\/2019\/10\/krolowa-szor.jpg\" alt=\"\" class=\"wp-image-244\" srcset=\"https:\/\/mag-art.pl\/wp-content\/uploads\/2019\/10\/krolowa-szor.jpg 692w, https:\/\/mag-art.pl\/wp-content\/uploads\/2019\/10\/krolowa-szor-300x166.jpg 300w\" sizes=\"auto, (max-width: 692px) 100vw, 692px\" \/><figcaption>Jedna z moich pierwszych prac z kt\u00f3rych by\u0142am dumna \ud83d\ude42 zdj\u0119cie raczej kiepskie ale niestety tylko takie mi si\u0119 po niej zosta\u0142o. Lekko rozmazane wspomnienie.<\/figcaption><\/figure><\/div>\n\n\n\n<p>Przez kr\u00f3tki czas decoupage i pirografia by\u0142y moim hobby. Cudownie zape\u0142nia\u0142y mi czas, kt\u00f3rego na tamt\u0105 chwil\u0119 (po mimo obowi\u0105zk\u00f3w jako mama (dw\u00f3ch c\u00f3rek), \u017cona, gospodyni domowa i studentka) mia\u0142am na prawd\u0119 w nadmiarze. Nie wiem jak to si\u0119 wtedy dzia\u0142o. Czy mo\u017ce mia\u0142am jaki\u015b magiczny chronometr, kt\u00f3ry spowalnia\u0142 czas? Hmmm sama nie wiem. Nie mniej jednak tworzy\u0142am na pocz\u0105tku dla siebie, do szuflady a\u017c spotka\u0142am (dzi\u0119ki prowadzeniu strony informacyjnej o moim mie\u015bcie) dobr\u0105 dusz\u0119, kt\u00f3ra zaproponowa\u0142a mi wsp\u00f3\u0142prac\u0119. Wsp\u00f3lne wyjazdy na jarmarki i festyny by si\u0119 zareklamowa\u0107 i by\u0107 mo\u017ce co\u015b sprzeda\u0107. To by\u0142 cudowny czas, ale o tym ju\u017c kolejnym wpisie.<\/p>\n\n\n\n<ul class=\"wp-block-gallery columns-3 is-cropped wp-block-gallery-1 is-layout-flex wp-block-gallery-is-layout-flex\"><li class=\"blocks-gallery-item\"><figure><img loading=\"lazy\" decoding=\"async\" width=\"600\" height=\"600\" src=\"http:\/\/www.test.mag-art.pl\/testowy\/wp-content\/uploads\/2019\/10\/pierwsze-wypalanki.jpg\" alt=\"\" data-id=\"291\" data-link=\"http:\/\/www.test.mag-art.pl\/testowy\/index.php\/2019\/10\/26\/wpis-powitalny-czyli-poznajmy-sie\/pierwsze-wypalanki\/\" class=\"wp-image-291\" srcset=\"https:\/\/mag-art.pl\/wp-content\/uploads\/2019\/10\/pierwsze-wypalanki.jpg 600w, https:\/\/mag-art.pl\/wp-content\/uploads\/2019\/10\/pierwsze-wypalanki-150x150.jpg 150w, https:\/\/mag-art.pl\/wp-content\/uploads\/2019\/10\/pierwsze-wypalanki-300x300.jpg 300w\" sizes=\"auto, (max-width: 600px) 100vw, 600px\" \/><figcaption>I zdarza\u0142y si\u0119 takie maluchy<\/figcaption><\/figure><\/li><li class=\"blocks-gallery-item\"><figure><img loading=\"lazy\" decoding=\"async\" width=\"600\" height=\"490\" src=\"http:\/\/www.test.mag-art.pl\/testowy\/wp-content\/uploads\/2019\/10\/pierwsze-wypalanki1.jpg\" alt=\"\" data-id=\"292\" data-link=\"http:\/\/www.test.mag-art.pl\/testowy\/index.php\/2019\/10\/26\/wpis-powitalny-czyli-poznajmy-sie\/pierwsze-wypalanki1\/\" class=\"wp-image-292\" srcset=\"https:\/\/mag-art.pl\/wp-content\/uploads\/2019\/10\/pierwsze-wypalanki1.jpg 600w, https:\/\/mag-art.pl\/wp-content\/uploads\/2019\/10\/pierwsze-wypalanki1-300x245.jpg 300w\" sizes=\"auto, (max-width: 600px) 100vw, 600px\" \/><\/figure><\/li><li class=\"blocks-gallery-item\"><figure><img loading=\"lazy\" decoding=\"async\" width=\"600\" height=\"542\" src=\"http:\/\/www.test.mag-art.pl\/testowy\/wp-content\/uploads\/2019\/10\/rybka.jpg\" alt=\"\" data-id=\"294\" data-link=\"http:\/\/www.test.mag-art.pl\/testowy\/index.php\/2019\/10\/26\/wpis-powitalny-czyli-poznajmy-sie\/rybka\/\" class=\"wp-image-294\" srcset=\"https:\/\/mag-art.pl\/wp-content\/uploads\/2019\/10\/rybka.jpg 600w, https:\/\/mag-art.pl\/wp-content\/uploads\/2019\/10\/rybka-300x271.jpg 300w\" sizes=\"auto, (max-width: 600px) 100vw, 600px\" \/><figcaption>Deska do serwowania<\/figcaption><\/figure><\/li><li class=\"blocks-gallery-item\"><figure><img loading=\"lazy\" decoding=\"async\" width=\"1024\" height=\"768\" src=\"http:\/\/www.test.mag-art.pl\/testowy\/wp-content\/uploads\/2019\/10\/10494972_1210782965602888_1586890281654035060_o-1024x768.jpg\" alt=\"\" data-id=\"295\" data-link=\"http:\/\/www.test.mag-art.pl\/testowy\/index.php\/2019\/10\/26\/wpis-powitalny-czyli-poznajmy-sie\/10494972_1210782965602888_1586890281654035060_o\/\" class=\"wp-image-295\" srcset=\"https:\/\/mag-art.pl\/wp-content\/uploads\/2019\/10\/10494972_1210782965602888_1586890281654035060_o-1024x768.jpg 1024w, https:\/\/mag-art.pl\/wp-content\/uploads\/2019\/10\/10494972_1210782965602888_1586890281654035060_o-300x225.jpg 300w, https:\/\/mag-art.pl\/wp-content\/uploads\/2019\/10\/10494972_1210782965602888_1586890281654035060_o-768x576.jpg 768w, https:\/\/mag-art.pl\/wp-content\/uploads\/2019\/10\/10494972_1210782965602888_1586890281654035060_o.jpg 2048w\" sizes=\"auto, (max-width: 1024px) 100vw, 1024px\" \/><figcaption>Wyj\u0105tkowy prezent zamiast r\u00f3zgi \ud83d\ude42<\/figcaption><\/figure><\/li><\/ul>\n","protected":false},"excerpt":{"rendered":"<p>Cze\u015b\u0107 mam na imi\u0119 Magda i jestem zwariowan\u0105 mam\u0105 tr\u00f3jki dzieci i \u017con\u0105 od ponad nastu lat &#8230;. Bla, bla, bla nie to nie b\u0119dzie kolejny blog o domu, \u017cyciu i wychowywaniu dzieci. To co napisa\u0142am wcze\u015bniej wszystko si\u0119 zgadza, ale trzeba doda\u0107, \u017ce jestem tak\u017ce kobiet\u0105 z pasj\u0105 TAK&#8230; <a class=\"continue-reading-link\" href=\"https:\/\/mag-art.pl\/index.php\/2019\/10\/26\/wpis-powitalny-czyli-poznajmy-sie\/\">Czytaj Dalej <span class=\"meta-nav\">&rarr; <\/span><\/a><\/p>\n","protected":false},"author":2,"featured_media":241,"comment_status":"open","ping_status":"open","sticky":false,"template":"","format":"standard","meta":{"footnotes":""},"categories":[26],"tags":[15,14,18,13,8,12,11,10,9,7],"class_list":["post-237","post","type-post","status-publish","format-standard","has-post-thumbnail","hentry","category-troszke-o-mnie","tag-decoupage","tag-drewno","tag-galeria-rekodziela","tag-grawerowanie-szkla","tag-handmade","tag-mag-art","tag-pasja","tag-pirografia","tag-rekodzielo","tag-wypalanie-w-drewnie"],"_links":{"self":[{"href":"https:\/\/mag-art.pl\/index.php\/wp-json\/wp\/v2\/posts\/237","targetHints":{"allow":["GET"]}}],"collection":[{"href":"https:\/\/mag-art.pl\/index.php\/wp-json\/wp\/v2\/posts"}],"about":[{"href":"https:\/\/mag-art.pl\/index.php\/wp-json\/wp\/v2\/types\/post"}],"author":[{"embeddable":true,"href":"https:\/\/mag-art.pl\/index.php\/wp-json\/wp\/v2\/users\/2"}],"replies":[{"embeddable":true,"href":"https:\/\/mag-art.pl\/index.php\/wp-json\/wp\/v2\/comments?post=237"}],"version-history":[{"count":7,"href":"https:\/\/mag-art.pl\/index.php\/wp-json\/wp\/v2\/posts\/237\/revisions"}],"predecessor-version":[{"id":296,"href":"https:\/\/mag-art.pl\/index.php\/wp-json\/wp\/v2\/posts\/237\/revisions\/296"}],"wp:featuredmedia":[{"embeddable":true,"href":"https:\/\/mag-art.pl\/index.php\/wp-json\/wp\/v2\/media\/241"}],"wp:attachment":[{"href":"https:\/\/mag-art.pl\/index.php\/wp-json\/wp\/v2\/media?parent=237"}],"wp:term":[{"taxonomy":"category","embeddable":true,"href":"https:\/\/mag-art.pl\/index.php\/wp-json\/wp\/v2\/categories?post=237"},{"taxonomy":"post_tag","embeddable":true,"href":"https:\/\/mag-art.pl\/index.php\/wp-json\/wp\/v2\/tags?post=237"}],"curies":[{"name":"wp","href":"https:\/\/api.w.org\/{rel}","templated":true}]}}